{"id":4835,"date":"2019-09-19T21:49:03","date_gmt":"2019-09-19T19:49:03","guid":{"rendered":"https:\/\/tus-helmlingen.org\/?p=4835"},"modified":"2019-09-19T21:49:03","modified_gmt":"2019-09-19T19:49:03","slug":"rueckblick-und-vorschau-der-jugend","status":"publish","type":"post","link":"https:\/\/tus-helmlingen.org\/?p=4835","title":{"rendered":"R\u00fcckblick und Vorschau der Jugend"},"content":{"rendered":"<p><u>R\u00fcckblick auf die Spiele des vergangenen Wochenendes<\/u><\/p>\n<p>A-M\u00e4dchen Bezirksklasse SG Rheinm\u00fcnster\/Helmlingen \u2013 Panthers Gaggenau 17:36 (4:15)<\/p>\n<p>Ohne Chance waren die A-M\u00e4dchen gegen einen starken Gegner aus dem Murgtal. Vor allem in Halbzeit eins lief bei den M\u00e4dels \u00fcberhaupt nichts zusammen. Nur 4 Tore offenbarten die Schw\u00e4chen im Abschluss. Vers\u00f6hnlicher war schon Halbzeit 2 mit gelungeneren Aktionen im Angriff und 13 Torerfolgen. Gegen die gegnerische Offensive hatte man jedoch keine Mittel parat. Es spielten: Emily Ulmer, Lena Parpart 7, Anna H\u00fcllner 7, Jana Zimpfer, Bianca Zeller 1, Hannah Schwarz 1, Anna Hoffmann 1, Lara Heidt, Emily Nock und Emilia Wagner.<\/p>\n<p>B-M\u00e4dchen Bezirksklasse SG Kappelwindeck\/Steinbach III \u2013 SG Rheinm\u00fcnster\/Helmlingen 21:23<\/p>\n<p>Auftakterfolg f\u00fcr die B-M\u00e4dchen beim Ausw\u00e4rtsspiel in . Bereits zur Halbzeit f\u00fchrte unsere SG mit ihrem neuen Trainer Wolfgang Winter mit 14:8. Danach wurde es beim 22:21 nochmal spannend, ehe die beste Torsch\u00fctzin Anna Hoffmann mit ihrem 13.Treffer alles klar machte.<\/p>\n<p>&nbsp;<\/p>\n<p>B-Jugend Bezirksklasse Rastatt TuS Helmlingen \u2013 JSG Panthers\/Murg 37:26<\/p>\n<p>Ebenfalls \u00fcberraschend kam auch der Erfolg der B2 gegen die Murgtalauswahl JSG Panthers\/Murg. Mit 37:29 holten sich die B2-Jungs die ersten Punkte und das v\u00f6llig verdient. In Halbzeit eins brauchte man um ins Spiel zu finden. Zwischenzeitlich lag man mit 10:17 im R\u00fcckstand, konnte jedoch bis zum Wechsel auf 15:18 verk\u00fcrzen. Beim 19:18 gelang fr\u00fch die erste F\u00fchrung, danach war Helmlingen nicht mehr aufzuhalten. Der entfesselt aufspielende Janis Welsche d\u00fcpierte die gegnerische Abwehr ein ums andere Mal und avancierte mit 15 Treffern zum Toptorsch\u00fctzen. Auch Henry Meder trug mit 9 Treffern ma\u00dfgeblich zum Erfolg bei. Weiter spielten: Marcel Seiler und Dominik Woite im Tor; Felix Frei, Bastian Komotzki, Hannes Schmitt 5, Nanaimo Vygen, Leo Zimpfer, Raphael J\u00f6rger 2, Joshua Gronau, Simon Wilhelm 5 und Jakob Wagner 1.<\/p>\n<p>&nbsp;<\/p>\n<p>D-Jugend Bezirksklasse SG Kappelwindeck\/Steinbach \u2013 TuS Helmlingen II 28:5 (13:1)<\/p>\n<p>Lehrgeld musste die D2 gegen den Meisterschaftsfavoriten aus dem Rebland zahlen. Unsere gewiss nicht schlechten Jungs hatten gegen den Gastgeber zumeist das Nachsehen. Da warten noch andere Gegner auf unsere Mannschaft, die auf unserer Augenh\u00f6he sind. Es spielten: Paolo Brkljaca, Simon Wei\u00df 1, Maddox Abel, Paul Benz, Timon Keck, Marco Zeller, Juls Hetz, Nelson Holthaus, Etienne B\u00e4uerle, Noah Wei\u00df 2, Moritz Bliem 1, Finn Bender 1 und David Wagner.<\/p>\n<p>&nbsp;<\/p>\n<p><u>Vorschau auf das Wochenende<\/u><\/p>\n<p>Samstag, 21.09.2019<\/p>\n<p>F-Jugend Bezirksklasse in Muggensturm ab 13:15 Uhr<\/p>\n<p>Turnier gegen die SG Muggensturm\/Kuppenheim, BSV Sinzheim und SG Freudenstadt\/Baiersbronn<\/p>\n<p>&nbsp;<\/p>\n<p>Sonntag, 22.09.2019<\/p>\n<p>B-Jugend Bezirksklasse in Rotenfels um 15:00 Uhr Panthers Gaggenau\/Murg \u2013 TuS Helmlingen II<\/p>\n<p>Der Spielplan sieht schon das R\u00fcckspiel im Murgtal vor. Die B2-Spieler m\u00fcssen sich nicht verstecken, haben jedoch ausw\u00e4rts starke Gegenwehr zu erwarten.<\/p>\n<p>&nbsp;<\/p>\n<p>D-Jugend Bezirksklasse in Steinbach Sportschule Halle 2 um 15:00 Uhr SG Kappelwindeck\/Steinbach II \u2013 TuS Helmlingen I<\/p>\n<p>Auf das zweite Team der Rebland-SG trifft die D1 und hofft auf einen gelungenen Start.<\/p>\n<p>&nbsp;<\/p>\n<p>E-Jugend Bezirkslasse<\/p>\n<p>10:00 Uhr in Ottenh\u00f6fen: ASV Ottenh\u00f6fen \u2013 TuS Helmlingen II<\/p>\n<p>15:00 Uhr in Helmlingen: TuS Helmlingen \u2013 HSG Rheinm\u00fcnster<\/p>\n<p>17 Jungs und M\u00e4dchen im E-Jugendalter sowie einige F-Jungs bilden 2 Teams bei der E-Jugend. Die drei Trainer Dirk Walther, Ferdel B\u00e4chle und Heiko Geistert w\u00fcnschen sich einen erfolgreichen Auftakt in die Runde.<\/p>\n","protected":false},"excerpt":{"rendered":"<p>R\u00fcckblick auf die Spiele des vergangenen Wochenendes A-M\u00e4dchen Bezirksklasse SG Rheinm\u00fcnster\/Helmlingen \u2013 Panthers Gaggenau 17:36 (4:15) Ohne Chance waren die A-M\u00e4dchen gegen einen starken Gegner aus dem Murgtal. Vor allem in Halbzeit eins lief bei den M\u00e4dels \u00fcberhaupt nichts zusammen. Nur 4 Tore offenbarten die Schw\u00e4chen im Abschluss. Vers\u00f6hnlicher war schon Halbzeit 2 mit gelungeneren [&hellip;]<\/p>\n","protected":false},"author":2,"featured_media":4836,"comment_status":"closed","ping_status":"closed","sticky":false,"template":"","format":"standard","meta":{"footnotes":""},"categories":[2],"tags":[],"class_list":["post-4835","post","type-post","status-publish","format-standard","has-post-thumbnail","hentry","category-aktuelles"],"_links":{"self":[{"href":"https:\/\/tus-helmlingen.org\/index.php?rest_route=\/wp\/v2\/posts\/4835","targetHints":{"allow":["GET"]}}],"collection":[{"href":"https:\/\/tus-helmlingen.org\/index.php?rest_route=\/wp\/v2\/posts"}],"about":[{"href":"https:\/\/tus-helmlingen.org\/index.php?rest_route=\/wp\/v2\/types\/post"}],"author":[{"embeddable":true,"href":"https:\/\/tus-helmlingen.org\/index.php?rest_route=\/wp\/v2\/users\/2"}],"replies":[{"embeddable":true,"href":"https:\/\/tus-helmlingen.org\/index.php?rest_route=%2Fwp%2Fv2%2Fcomments&post=4835"}],"version-history":[{"count":1,"href":"https:\/\/tus-helmlingen.org\/index.php?rest_route=\/wp\/v2\/posts\/4835\/revisions"}],"predecessor-version":[{"id":4837,"href":"https:\/\/tus-helmlingen.org\/index.php?rest_route=\/wp\/v2\/posts\/4835\/revisions\/4837"}],"wp:featuredmedia":[{"embeddable":true,"href":"https:\/\/tus-helmlingen.org\/index.php?rest_route=\/wp\/v2\/media\/4836"}],"wp:attachment":[{"href":"https:\/\/tus-helmlingen.org\/index.php?rest_route=%2Fwp%2Fv2%2Fmedia&parent=4835"}],"wp:term":[{"taxonomy":"category","embeddable":true,"href":"https:\/\/tus-helmlingen.org\/index.php?rest_route=%2Fwp%2Fv2%2Fcategories&post=4835"},{"taxonomy":"post_tag","embeddable":true,"href":"https:\/\/tus-helmlingen.org\/index.php?rest_route=%2Fwp%2Fv2%2Ftags&post=4835"}],"curies":[{"name":"wp","href":"https:\/\/api.w.org\/{rel}","templated":true}]}}