{"id":4844,"date":"2019-09-20T15:38:44","date_gmt":"2019-09-20T13:38:44","guid":{"rendered":"https:\/\/tus-helmlingen.org\/?p=4844"},"modified":"2019-09-21T14:19:30","modified_gmt":"2019-09-21T12:19:30","slug":"herren-i-vor-schwerer-auswaertshuerde","status":"publish","type":"post","link":"https:\/\/tus-helmlingen.org\/?p=4844","title":{"rendered":"Herren I vor schwerer Ausw\u00e4rtsh\u00fcrde"},"content":{"rendered":"<div><strong>M-SBL\u00a0 SG Muggensturm\/Kuppenheim I &#8211; TuS Helmlingen I <\/strong><\/div>\n<div><strong>Samstag, 21.09.2019 um 20.00 Uhr Wolf-Eberstein-Halle, Muggensturm<\/strong><\/div>\n<p>Ein erneutes Ausw\u00e4rtsspiel und zugleich Bezirks-Derby wartet auf die S\u00fcdbadenliga-Handballer des TuS Helmlingen am Samstagabend bei der SG Muggensturm\/Kuppenheim F\u00fcr die Gastgeber ist es das erste Saisonspiel, f\u00fcr den TuS bereits die zweite Begegnung in der neuen Saison. Nach der 28:32 Niederlage am vergangenen Wochenende beim stark aufspielenden HC Hedos Elgersweier, wollen die Hanauerl\u00e4nder nun versuchen bei der SGMK zu punkten.<br \/>\nVergangene Saison erreichte das Team um das Trainer-Duo Benjamin Hofmann und Nikolai Wagner den sechsten Tabellenplatz, der TuS Helmlingen unterlag damals mit 26:34 in Muggensturm. Damit haben die Hanauerl\u00e4nder noch eine Rechnung aus der Vorsaison offen. TuS-Coach Ralf Ludwig erwartet ein Spiel auf Augenh\u00f6he, in dem die bessere Abwehrreihe ausschlaggebend sein wird. F\u00fcr die junge TuS-Mannschaft gilt es einige Aufgaben zu erledigen, die es gegen\u00fcber letzter Woche zu verbessern gilt. &#8222;Die Abstimmung im Innenblock und den Halbdeckenden muss stimmen und besser werden gegen\u00fcber dem Elgersweier-Spiel&#8220; so der TuS-Coach.<br \/>\nBei der SG Muggensturm\/Kuppenheim geht das Trainer-Duo Hofmann\/Wagner bereits in die dritte Saison. Beide Trainer k\u00f6nnen auf ein eingespieltes Team zur\u00fcckgreifen. Lediglich Torwart Lukas Treuer hat die Mannschaft Richtung 2.Mannschaft der SG verlassen. Dieser Abgang auf der Torh\u00fcter-Positionwurde durch Andre Treiber aus Plankstadt ersetzt. Am Kreis konnte Jascha Lehnkering von der SG Heidelsheim\/Helmsheim verpflichtet werden. Er kommt aus der Badenliga und konnte mit seinem Team viel Erfahrung sammeln. Hinzu kommt Robin Ziegler der schon letzte Saison den verletzten Ricardo H\u00f6rth vertrat. Als Ziel geben die Gastgeber eine Platzierung im oberen Tabellendrittel aus.<br \/>\nDer TuS Helmlingen wil nun auch mit einem schnelleren Umschaltspiel und einem besseren Abschlussverhalten, vor allem in der Schlussphase, dieses Derby in Muggensturm angehen und es sollen zu viele Fehler vermieden werden. Auch die Abwehr muss noch besser arbeiten. Wenn dies gelingt und die Aufgaben erf\u00fcllt werden, ist sich TuS-Coach Ralf Ludwig und Co.-Trainer Benni Ackermann sicher, in Muggensturm nicht chancenlos zu sein. Trotz der Auftakt-Niederlage sprach Ralf Ludwig von einem beherzten Auftritt seiner Mannschaft gegen eine gute Elgersweierer Mannschaft.<br \/>\nPersonell muss TuS-Nachwuchsspieler Julian Lasch (Schulter) noch pausieren, auch Mike Reichenberger soll nach langer Verletzung aus Vorsaison erstmal im Perspektivkader des TuS in der Landesliga aufgebaut werden. Zudem fehlt wegen Krankheit (Grippe) Jan Parpart. Ansonsten kann das TuS-Trainer Duo Ralf Ludwig und Benni Ackermann auf den kompletten Kader zur\u00fcckgreifen.<\/p>\n","protected":false},"excerpt":{"rendered":"<p>M-SBL\u00a0 SG Muggensturm\/Kuppenheim I &#8211; TuS Helmlingen I Samstag, 21.09.2019 um 20.00 Uhr Wolf-Eberstein-Halle, Muggensturm Ein erneutes Ausw\u00e4rtsspiel und zugleich Bezirks-Derby wartet auf die S\u00fcdbadenliga-Handballer des TuS Helmlingen am Samstagabend bei der SG Muggensturm\/Kuppenheim F\u00fcr die Gastgeber ist es das erste Saisonspiel, f\u00fcr den TuS bereits die zweite Begegnung in der neuen Saison. Nach der [&hellip;]<\/p>\n","protected":false},"author":2,"featured_media":4685,"comment_status":"closed","ping_status":"closed","sticky":false,"template":"","format":"standard","meta":{"footnotes":""},"categories":[2,7,13,15],"tags":[133,37],"class_list":["post-4844","post","type-post","status-publish","format-standard","has-post-thumbnail","hentry","category-aktuelles","category-handball","category-senioren","category-tus1","tag-herren-1","tag-suedbadenliga"],"_links":{"self":[{"href":"https:\/\/tus-helmlingen.org\/index.php?rest_route=\/wp\/v2\/posts\/4844","targetHints":{"allow":["GET"]}}],"collection":[{"href":"https:\/\/tus-helmlingen.org\/index.php?rest_route=\/wp\/v2\/posts"}],"about":[{"href":"https:\/\/tus-helmlingen.org\/index.php?rest_route=\/wp\/v2\/types\/post"}],"author":[{"embeddable":true,"href":"https:\/\/tus-helmlingen.org\/index.php?rest_route=\/wp\/v2\/users\/2"}],"replies":[{"embeddable":true,"href":"https:\/\/tus-helmlingen.org\/index.php?rest_route=%2Fwp%2Fv2%2Fcomments&post=4844"}],"version-history":[{"count":4,"href":"https:\/\/tus-helmlingen.org\/index.php?rest_route=\/wp\/v2\/posts\/4844\/revisions"}],"predecessor-version":[{"id":4848,"href":"https:\/\/tus-helmlingen.org\/index.php?rest_route=\/wp\/v2\/posts\/4844\/revisions\/4848"}],"wp:featuredmedia":[{"embeddable":true,"href":"https:\/\/tus-helmlingen.org\/index.php?rest_route=\/wp\/v2\/media\/4685"}],"wp:attachment":[{"href":"https:\/\/tus-helmlingen.org\/index.php?rest_route=%2Fwp%2Fv2%2Fmedia&parent=4844"}],"wp:term":[{"taxonomy":"category","embeddable":true,"href":"https:\/\/tus-helmlingen.org\/index.php?rest_route=%2Fwp%2Fv2%2Fcategories&post=4844"},{"taxonomy":"post_tag","embeddable":true,"href":"https:\/\/tus-helmlingen.org\/index.php?rest_route=%2Fwp%2Fv2%2Ftags&post=4844"}],"curies":[{"name":"wp","href":"https:\/\/api.w.org\/{rel}","templated":true}]}}