{"id":7572,"date":"2026-05-03T13:30:37","date_gmt":"2026-05-03T11:30:37","guid":{"rendered":"https:\/\/tus-helmlingen.org\/?p=7572"},"modified":"2026-05-03T13:31:02","modified_gmt":"2026-05-03T11:31:02","slug":"tus-helmlingen-mit-einem-heimsieg-zum-saisonabschluss","status":"publish","type":"post","link":"https:\/\/tus-helmlingen.org\/?p=7572","title":{"rendered":"TuS Helmlingen mit einem Heimsieg zum Saisonabschluss"},"content":{"rendered":"\n<p><strong>VLBW&nbsp; TuS Helmlingen I&nbsp; &#8211;&nbsp; SG ERA I&nbsp; &nbsp;29:24 (11:11)<\/strong><\/p>\n\n\n\n<p>Handball-Verbandsligist TuS Helmlingen gelang mit einem \u00fcberzeugenden Auftritt und einer starken zweiten H\u00e4lfte zum Saisonabschluss ein 29:24 Heimsieg \u00fcber Aufsteiger SG ERA. Das TuS-Team zeigte trotz diverser Ausf\u00e4lle durch Leistungstr\u00e4ger und Stammspieler wiedermal was in der Mannschaft steckt und was sie abrufen kann. Die Mannschaft von TuS-Coach Nikolai Wagner und Co.-Trainer Manuel Str\u00fcbel wollte f\u00fcr den vermissten Lars Schmitt im letzten Saisonspiel trotz personell geschw\u00e4chtem Kader ihr Bestes zeigen, was sie mit einer beeindruckenenden Art und Weise, mit viel Siegeswillen und Einsatz getan hat.&nbsp;<\/p>\n\n\n\n<p>Gleichzeitig konnte die Spielgemeinschaft aus Ettenheim\/Ringsheim\/Altdorf auch den Klassenerhalt trotz der Niederlage eint\u00fcten, da der Meister TV Knielingen souver\u00e4n beim BSV Ph\u00f6nix Sinzheim mit 27:35 gewann.&nbsp;<\/p>\n\n\n\n<p>Mit einer ver\u00e4nderten und umgebauten Startformation gingen die Hanauerl\u00e4nder in die Partie, dementsprechend war es auch nicht so einfach in die Partie zu kommen, w\u00e4hrend sich beide Teams im ersten Durchgang einen offenen Schlagabtausch lieferten. Die SG ERA kam mit dem n\u00f6tigen R\u00fcckenwind nach Helmlingen auch durch den zuletzt erzielten 28:23 Heimerfolg \u00fcber die SG Muggenst.\/Kuppenh., der wichtige Punkte f\u00fcr den Klassenerhalt bedeutete. Somit gab es im ersten Durchgang viele Gleichst\u00e4nde 6:6 (22.) ehe Raphael J\u00f6rger f\u00fcr den TuS noch zum 11:11 Halbzeitstand traf.\u00a0<\/p>\n\n\n<style type=\"text\/css\">\n#foogallery-gallery-7574 .fg-image { width: 270px; }\n#foogallery-gallery-7574 { --fg-gutter: 10px; }<\/style>\n\t\t\t<div class=\"foogallery foogallery-container foogallery-default foogallery-lightbox-foogallery fg-center fg-default fg-ready fg-light fg-shadow-medium fg-loading-default fg-loaded-fade-in fg-preset fg-brad fg-preset-small fg-preset fg-brad fg-preset-small\" id=\"foogallery-gallery-7574\" data-foogallery=\"{&quot;item&quot;:{&quot;showCaptionTitle&quot;:true,&quot;showCaptionDescription&quot;:true},&quot;lazy&quot;:true}\" data-foogallery-lightbox=\"{&quot;thumbs&quot;:&quot;bottom&quot;,&quot;thumbsCaptions&quot;:false,&quot;thumbsBestFit&quot;:false,&quot;thumbsSmall&quot;:false,&quot;thumbsCaptionsAlign&quot;:&quot;default&quot;,&quot;info&quot;:&quot;bottom&quot;,&quot;infoVisible&quot;:true,&quot;infoOverlay&quot;:true,&quot;infoAlign&quot;:&quot;default&quot;,&quot;transition&quot;:&quot;fade&quot;,&quot;hoverButtons&quot;:false,&quot;fitMedia&quot;:false,&quot;noScrollbars&quot;:true,&quot;preserveButtonSpace&quot;:true,&quot;buttons&quot;:{&quot;fullscreen&quot;:true,&quot;info&quot;:true,&quot;thumbs&quot;:false},&quot;video&quot;:{&quot;autoPlay&quot;:true}}\" style=\"--fg-title-line-clamp: 1; --fg-description-line-clamp: 2;\" >\n\t<div class=\"fg-item fg-type-image fg-idle\"><figure class=\"fg-item-inner\"><a href=\"https:\/\/tus-helmlingen.org\/wp-content\/uploads\/2026\/05\/02_2026-05-02_tus1_era_260_srgb.jpeg\" data-attachment-id=\"7575\" data-type=\"image\" class=\"fg-thumb\"><span class=\"fg-image-wrap\"><img fetchpriority=\"high\" decoding=\"async\" width=\"270\" height=\"230\" class=\"skip-lazy fg-image\" data-src-fg=\"https:\/\/tus-helmlingen.org\/wp-content\/uploads\/cache\/2026\/05\/02_2026-05-02_tus1_era_260_srgb\/3796319145.jpeg\" src=\"data:image\/svg+xml,%3Csvg%20xmlns%3D%22http%3A%2F%2Fwww.w3.org%2F2000%2Fsvg%22%20width%3D%22270%22%20height%3D%22230%22%20viewBox%3D%220%200%20270%20230%22%3E%3C%2Fsvg%3E\" loading=\"eager\"><\/span><span class=\"fg-image-overlay\"><\/span><\/a><\/figure><div class=\"fg-loader\"><\/div><\/div><div class=\"fg-item fg-type-image fg-idle\"><figure class=\"fg-item-inner\"><a href=\"https:\/\/tus-helmlingen.org\/wp-content\/uploads\/2026\/05\/03_2026-05-02_tus1_era_260_srgb.jpeg\" data-attachment-id=\"7576\" data-type=\"image\" class=\"fg-thumb\"><span class=\"fg-image-wrap\"><img decoding=\"async\" width=\"270\" height=\"230\" class=\"skip-lazy fg-image\" data-src-fg=\"https:\/\/tus-helmlingen.org\/wp-content\/uploads\/cache\/2026\/05\/03_2026-05-02_tus1_era_260_srgb\/3695340586.jpeg\" src=\"data:image\/svg+xml,%3Csvg%20xmlns%3D%22http%3A%2F%2Fwww.w3.org%2F2000%2Fsvg%22%20width%3D%22270%22%20height%3D%22230%22%20viewBox%3D%220%200%20270%20230%22%3E%3C%2Fsvg%3E\" loading=\"eager\"><\/span><span class=\"fg-image-overlay\"><\/span><\/a><\/figure><div class=\"fg-loader\"><\/div><\/div><div class=\"fg-item fg-type-image fg-idle\"><figure class=\"fg-item-inner\"><a href=\"https:\/\/tus-helmlingen.org\/wp-content\/uploads\/2026\/05\/04_2026-05-02_tus1_era_260_srgb.jpeg\" data-attachment-id=\"7577\" data-type=\"image\" class=\"fg-thumb\"><span class=\"fg-image-wrap\"><img decoding=\"async\" width=\"270\" height=\"230\" class=\"skip-lazy fg-image\" data-src-fg=\"https:\/\/tus-helmlingen.org\/wp-content\/uploads\/cache\/2026\/05\/04_2026-05-02_tus1_era_260_srgb\/2761820377.jpeg\" src=\"data:image\/svg+xml,%3Csvg%20xmlns%3D%22http%3A%2F%2Fwww.w3.org%2F2000%2Fsvg%22%20width%3D%22270%22%20height%3D%22230%22%20viewBox%3D%220%200%20270%20230%22%3E%3C%2Fsvg%3E\" loading=\"eager\"><\/span><span class=\"fg-image-overlay\"><\/span><\/a><\/figure><div class=\"fg-loader\"><\/div><\/div><div class=\"fg-item fg-type-image fg-idle\"><figure class=\"fg-item-inner\"><a href=\"https:\/\/tus-helmlingen.org\/wp-content\/uploads\/2026\/05\/05_2026-05-02_tus1_era_260_srgb.jpeg\" data-attachment-id=\"7578\" data-type=\"image\" class=\"fg-thumb\"><span class=\"fg-image-wrap\"><img decoding=\"async\" width=\"270\" height=\"230\" class=\"skip-lazy fg-image\" data-src-fg=\"https:\/\/tus-helmlingen.org\/wp-content\/uploads\/cache\/2026\/05\/05_2026-05-02_tus1_era_260_srgb\/960429085.jpeg\" src=\"data:image\/svg+xml,%3Csvg%20xmlns%3D%22http%3A%2F%2Fwww.w3.org%2F2000%2Fsvg%22%20width%3D%22270%22%20height%3D%22230%22%20viewBox%3D%220%200%20270%20230%22%3E%3C%2Fsvg%3E\" loading=\"eager\"><\/span><span class=\"fg-image-overlay\"><\/span><\/a><\/figure><div class=\"fg-loader\"><\/div><\/div><div class=\"fg-item fg-type-image fg-idle\"><figure class=\"fg-item-inner\"><a href=\"https:\/\/tus-helmlingen.org\/wp-content\/uploads\/2026\/05\/06_2026-05-02_tus1_era_260_srgb.jpeg\" data-attachment-id=\"7579\" data-type=\"image\" class=\"fg-thumb\"><span class=\"fg-image-wrap\"><img decoding=\"async\" width=\"270\" height=\"230\" class=\"skip-lazy fg-image\" data-src-fg=\"https:\/\/tus-helmlingen.org\/wp-content\/uploads\/cache\/2026\/05\/06_2026-05-02_tus1_era_260_srgb\/441607589.jpeg\" src=\"data:image\/svg+xml,%3Csvg%20xmlns%3D%22http%3A%2F%2Fwww.w3.org%2F2000%2Fsvg%22%20width%3D%22270%22%20height%3D%22230%22%20viewBox%3D%220%200%20270%20230%22%3E%3C%2Fsvg%3E\" loading=\"eager\"><\/span><span class=\"fg-image-overlay\"><\/span><\/a><\/figure><div class=\"fg-loader\"><\/div><\/div><div class=\"fg-item fg-type-image fg-idle\"><figure class=\"fg-item-inner\"><a href=\"https:\/\/tus-helmlingen.org\/wp-content\/uploads\/2026\/05\/07_2026-05-02_tus1_era_260_srgb.jpeg\" data-attachment-id=\"7580\" data-type=\"image\" class=\"fg-thumb\"><span class=\"fg-image-wrap\"><img decoding=\"async\" width=\"270\" height=\"230\" class=\"skip-lazy fg-image\" data-src-fg=\"https:\/\/tus-helmlingen.org\/wp-content\/uploads\/cache\/2026\/05\/07_2026-05-02_tus1_era_260_srgb\/3917835798.jpeg\" src=\"data:image\/svg+xml,%3Csvg%20xmlns%3D%22http%3A%2F%2Fwww.w3.org%2F2000%2Fsvg%22%20width%3D%22270%22%20height%3D%22230%22%20viewBox%3D%220%200%20270%20230%22%3E%3C%2Fsvg%3E\" loading=\"eager\"><\/span><span class=\"fg-image-overlay\"><\/span><\/a><\/figure><div class=\"fg-loader\"><\/div><\/div><div class=\"fg-item fg-type-image fg-idle\"><figure class=\"fg-item-inner\"><a href=\"https:\/\/tus-helmlingen.org\/wp-content\/uploads\/2026\/05\/08_2026-05-02_tus1_era_260_srgb.jpeg\" data-attachment-id=\"7581\" data-type=\"image\" class=\"fg-thumb\"><span class=\"fg-image-wrap\"><img decoding=\"async\" width=\"270\" height=\"230\" class=\"skip-lazy fg-image\" data-src-fg=\"https:\/\/tus-helmlingen.org\/wp-content\/uploads\/cache\/2026\/05\/08_2026-05-02_tus1_era_260_srgb\/641265779.jpeg\" src=\"data:image\/svg+xml,%3Csvg%20xmlns%3D%22http%3A%2F%2Fwww.w3.org%2F2000%2Fsvg%22%20width%3D%22270%22%20height%3D%22230%22%20viewBox%3D%220%200%20270%20230%22%3E%3C%2Fsvg%3E\" loading=\"eager\"><\/span><span class=\"fg-image-overlay\"><\/span><\/a><\/figure><div class=\"fg-loader\"><\/div><\/div><div class=\"fg-item fg-type-image fg-idle\"><figure class=\"fg-item-inner\"><a href=\"https:\/\/tus-helmlingen.org\/wp-content\/uploads\/2026\/05\/09_2026-05-02_tus1_era_260_srgb.jpeg\" data-attachment-id=\"7582\" data-type=\"image\" class=\"fg-thumb\"><span class=\"fg-image-wrap\"><img decoding=\"async\" width=\"270\" height=\"230\" class=\"skip-lazy fg-image\" data-src-fg=\"https:\/\/tus-helmlingen.org\/wp-content\/uploads\/cache\/2026\/05\/09_2026-05-02_tus1_era_260_srgb\/406693872.jpeg\" src=\"data:image\/svg+xml,%3Csvg%20xmlns%3D%22http%3A%2F%2Fwww.w3.org%2F2000%2Fsvg%22%20width%3D%22270%22%20height%3D%22230%22%20viewBox%3D%220%200%20270%20230%22%3E%3C%2Fsvg%3E\" loading=\"eager\"><\/span><span class=\"fg-image-overlay\"><\/span><\/a><\/figure><div class=\"fg-loader\"><\/div><\/div><\/div>\n\n\n\n<p>Mit drei Toren in Folge kamen die Rheinauer mit noch mehr Entschlossenheit aus der Kabine und legten auf 14:11 (32.) vor. Doch die G\u00e4ste um SG-Coach Nico Vollmer lie\u00dfen sich nicht absch\u00fctteln \u00fcber 15:15 (37.) und dem 19:19 (47.) Ausgleich durch Jan Schl\u00f6tzer waren sie wieder dran. Doch im weiteren Spielverlauf hatte der TuS mit Marcel Seiler einen b\u00e4renstarker R\u00fcckhalt im TuS-Tor, mit insgesamt zehn gehaltenen B\u00e4llen, darunter ein gehaltener Siebenmeter alle im zweiten Durchgang, der auch in dieser Phase den TuS-Kasten quasi vernagelte. Als zudem auch TuS-Linksau\u00dfen Max Hirtz der gleich f\u00fcnfmal in Folge einnetzte zum 24:19 (54.) und mit einer herausragenden Trefferquote mit insgesamt elf Toren, bester TuS-Sch\u00fctze am Samstagabend war. Damit war der Grundstein zum Heimsieg gelegt und trotz zweifacher Unterzahl nach zwei Zeitstrafen (55.) konnte Helmlingen \u00fcber Michael-Zimmer-Zimpfer die F\u00fchrung zum vorentscheidenenden 26:19 (55.) ausbauen. Raphael J\u00f6rger gelang gar noch das 29:22 f\u00fcr den TuS, ehe die SG ERA noch mit zwei Treffern zum 29:24 Endstand verk\u00fcrzen konnte.&nbsp;<\/p>\n\n\n\n<p>Damit konnte Helmlingen die Saison auf dem 6. Tabellenplatz in der Verbandsliga abschlie\u00dfen, was aber Nebensache ist, denn die Gedanken sind beim vermissten TuS-Akteur, Mannschaftskollegen und Freund Lars Schmitt und seiner Familie in dieser verdammt schwierigen Situation.\u00a0<\/p>\n\n\n\n<p>TuS-Coach Nikolai Wagner sagte nach der Partie: &#8222;Was die Mannschaft heute wieder an Zusammenhalt gezeigt hat und in so einer Situation so eine starke Leistung zu zeigen, brutaler Respekt und Hut ab vor der Mannschaft. Wir haben versucht als Gruppe zusammenzustehen und da die Kraft zu nehmen auch f\u00fcr den Lars, und wir hoffen alle, dass sich das zum Guten wendet und er wohlbehalten auftaucht.&#8220;<\/p>\n\n\n\n<p>Tore TuS Helmlingen I: Steffen Dold, Marcel Seiler; Jan Parpart 7\/1, Max Hirtz 11\/3, Marc M\u00fcller, Nikolai Wagner, Manuel Meyer,\u00a0Tim Karch 2, Jens Schoch, Michael Zimmer-Zimpfer 3\/1, Nick Anthonj 2, Raphael J\u00f6rger 3, Nanaimo Vygen 1<\/p>\n\n\n\n<p>Tore SG ERA I: Jonas Chaloupka, Fabian Schreiber; Max Mager, Jan Schl\u00f6tzer 4, Kevin H\u00f6fer, Dominik Klausmann 2, Simon Heim 2,\u00a0Tim K\u00f6lblin 2, David Kaufmann 3, Niclas Mix, Lukas Rottenanger, Gabriel Kaufmann 5\/2, Jan Dietsche 3, Marius Zander 3,\u00a0Bastian Hauck<\/p>\n\n\n\n<p>Schiedsrichter: Christian Moles und J\u00fcrgen L\u00f6sch (SG Heddesheim und LSV Ladenburg)<\/p>\n","protected":false},"excerpt":{"rendered":"<p>VLBW&nbsp; TuS Helmlingen I&nbsp; &#8211;&nbsp; SG ERA I&nbsp; &nbsp;29:24 (11:11) Handball-Verbandsligist TuS Helmlingen gelang mit einem \u00fcberzeugenden Auftritt und einer starken zweiten H\u00e4lfte zum Saisonabschluss ein 29:24 Heimsieg \u00fcber Aufsteiger SG ERA. Das TuS-Team zeigte trotz diverser Ausf\u00e4lle durch Leistungstr\u00e4ger und Stammspieler wiedermal was in der Mannschaft steckt und was sie abrufen kann. Die Mannschaft [&hellip;]<\/p>\n","protected":false},"author":5,"featured_media":7583,"comment_status":"closed","ping_status":"closed","sticky":false,"template":"","format":"standard","meta":{"footnotes":""},"categories":[2,7,13,15],"tags":[],"class_list":["post-7572","post","type-post","status-publish","format-standard","has-post-thumbnail","hentry","category-aktuelles","category-handball","category-senioren","category-tus1"],"_links":{"self":[{"href":"https:\/\/tus-helmlingen.org\/index.php?rest_route=\/wp\/v2\/posts\/7572","targetHints":{"allow":["GET"]}}],"collection":[{"href":"https:\/\/tus-helmlingen.org\/index.php?rest_route=\/wp\/v2\/posts"}],"about":[{"href":"https:\/\/tus-helmlingen.org\/index.php?rest_route=\/wp\/v2\/types\/post"}],"author":[{"embeddable":true,"href":"https:\/\/tus-helmlingen.org\/index.php?rest_route=\/wp\/v2\/users\/5"}],"replies":[{"embeddable":true,"href":"https:\/\/tus-helmlingen.org\/index.php?rest_route=%2Fwp%2Fv2%2Fcomments&post=7572"}],"version-history":[{"count":1,"href":"https:\/\/tus-helmlingen.org\/index.php?rest_route=\/wp\/v2\/posts\/7572\/revisions"}],"predecessor-version":[{"id":7584,"href":"https:\/\/tus-helmlingen.org\/index.php?rest_route=\/wp\/v2\/posts\/7572\/revisions\/7584"}],"wp:featuredmedia":[{"embeddable":true,"href":"https:\/\/tus-helmlingen.org\/index.php?rest_route=\/wp\/v2\/media\/7583"}],"wp:attachment":[{"href":"https:\/\/tus-helmlingen.org\/index.php?rest_route=%2Fwp%2Fv2%2Fmedia&parent=7572"}],"wp:term":[{"taxonomy":"category","embeddable":true,"href":"https:\/\/tus-helmlingen.org\/index.php?rest_route=%2Fwp%2Fv2%2Fcategories&post=7572"},{"taxonomy":"post_tag","embeddable":true,"href":"https:\/\/tus-helmlingen.org\/index.php?rest_route=%2Fwp%2Fv2%2Ftags&post=7572"}],"curies":[{"name":"wp","href":"https:\/\/api.w.org\/{rel}","templated":true}]}}